{"id":1344,"date":"2016-09-07T17:06:37","date_gmt":"2016-09-07T15:06:37","guid":{"rendered":"http:\/\/goethe-schule-harburg.schulhomepages.hamburg.de\/?p=1344"},"modified":"2016-09-07T17:04:32","modified_gmt":"2016-09-07T15:04:32","slug":"7mo-gewinnt-preis-bei-fotoklima-201516","status":"publish","type":"post","link":"https:\/\/goethe-schule-harburg.hamburg.de\/?p=1344","title":{"rendered":"7mo gewinnt Preis bei &#8218;FotoKlima 2015\/16&#8216;"},"content":{"rendered":"<p>Beim Bildungs- und Fotowettbewerb des Landesinstitutes &#8218;FotoKlima 2015\/16&#8216; hat die 7mo (Save The Moment von Frau Spiering) gleich mit zwei Wettbewerbsteams eine Multivisionsshow f\u00fcr 700 Sch\u00fclerinnen und Sch\u00fcler im Wert von 2000 Euro gewonnen.<\/p>\n<div id=\"attachment_1346\" style=\"width: 310px\" class=\"wp-caption alignright\"><a href=\"https:\/\/goethe-schule-harburg.hamburg.de\/wp-content\/uploads\/sites\/155\/2016\/09\/2016_09_16_fotoklima_01.jpg\" data-rel=\"lightbox\" data-rl_title=\"\" data-rl_caption=\"\" title=\"\"><img loading=\"lazy\" decoding=\"async\" aria-describedby=\"caption-attachment-1346\" class=\"wp-image-1346 size-medium\" src=\"https:\/\/goethe-schule-harburg.hamburg.de\/wp-content\/uploads\/sites\/155\/2016\/09\/2016_09_16_fotoklima_01-300x230.jpg\" alt=\"2016_09_16_fotoklima_01\" width=\"300\" height=\"230\" srcset=\"https:\/\/goethe-schule-harburg.hamburg.de\/wp-content\/uploads\/sites\/155\/2016\/09\/2016_09_16_fotoklima_01-300x230.jpg 300w, https:\/\/goethe-schule-harburg.hamburg.de\/wp-content\/uploads\/sites\/155\/2016\/09\/2016_09_16_fotoklima_01-768x589.jpg 768w, https:\/\/goethe-schule-harburg.hamburg.de\/wp-content\/uploads\/sites\/155\/2016\/09\/2016_09_16_fotoklima_01-1024x785.jpg 1024w, https:\/\/goethe-schule-harburg.hamburg.de\/wp-content\/uploads\/sites\/155\/2016\/09\/2016_09_16_fotoklima_01.jpg 1200w\" sizes=\"auto, (max-width: 300px) 100vw, 300px\" \/><\/a><p id=\"caption-attachment-1346\" class=\"wp-caption-text\">Senator Kerstan und die Preistr\u00e4ger aus der 7mo mit Frau Spiering \u00a9Foto Markus Scholz<\/p><\/div>\n<p>Am 14.07.2016 fand die Preisverleihung durch Herrn Kerstan, den Senator f\u00fcr Umwelt und Energie, im Landesinstitut der Hansestadt Hamburg statt. Das Team von Smilla Grenz, Hannah Jannasch, Julian Lubitz und Melina von Piechowski gewann mit der Fotoserie &#8218;KlimaGerechtigkeit statt KlimaFlucht&#8216;. Mit ihrer Fotoserie &#8218;Vom KlimaS\u00fcnder zum KlimaSch\u00fctzer&#8216; erhielten folgende Sch\u00fclerinnen und Sch\u00fcler den Preis: Katja Ernst, Marion Preu\u00df, Safi Sheragha und Julia Wiese.<\/p>\n<p>&nbsp;<\/p>\n<p><strong>Serie: &#8218;KlimaGerechtigkeit statt KlimaFlucht&#8216;<\/strong><\/p>\n\n\t\t<style type=\"text\/css\">\n\t\t\t#gallery-1 {\n\t\t\t\tmargin: auto;\n\t\t\t}\n\t\t\t#gallery-1 .gallery-item {\n\t\t\t\tfloat: left;\n\t\t\t\tmargin-top: 10px;\n\t\t\t\ttext-align: center;\n\t\t\t\twidth: 25%;\n\t\t\t}\n\t\t\t#gallery-1 img {\n\t\t\t\tborder: 2px solid #cfcfcf;\n\t\t\t}\n\t\t\t#gallery-1 .gallery-caption {\n\t\t\t\tmargin-left: 0;\n\t\t\t}\n\t\t\t\/* see gallery_shortcode() in wp-includes\/media.php *\/\n\t\t<\/style>\n\t\t<div id='gallery-1' class='gallery galleryid-1344 gallery-columns-4 gallery-size-thumbnail'><dl class='gallery-item'>\n\t\t\t<dt class='gallery-icon landscape'>\n\t\t\t\t<a href='https:\/\/goethe-schule-harburg.hamburg.de\/wp-content\/uploads\/sites\/155\/2016\/09\/2016_09_16_fotoklima_02.jpg' title=\"Flucht vor dem KlimaWandel\" data-rl_title=\"Flucht vor dem KlimaWandel\" class=\"rl-gallery-link\" data-rl_caption=\"\" data-rel=\"lightbox-gallery-1\"><img loading=\"lazy\" decoding=\"async\" width=\"150\" height=\"150\" src=\"https:\/\/goethe-schule-harburg.hamburg.de\/wp-content\/uploads\/sites\/155\/2016\/09\/2016_09_16_fotoklima_02-150x150.jpg\" class=\"attachment-thumbnail size-thumbnail\" alt=\"\" aria-describedby=\"gallery-1-1347\" srcset=\"https:\/\/goethe-schule-harburg.hamburg.de\/wp-content\/uploads\/sites\/155\/2016\/09\/2016_09_16_fotoklima_02-150x150.jpg 150w, https:\/\/goethe-schule-harburg.hamburg.de\/wp-content\/uploads\/sites\/155\/2016\/09\/2016_09_16_fotoklima_02-160x160.jpg 160w, https:\/\/goethe-schule-harburg.hamburg.de\/wp-content\/uploads\/sites\/155\/2016\/09\/2016_09_16_fotoklima_02-320x320.jpg 320w\" sizes=\"auto, (max-width: 150px) 100vw, 150px\" \/><\/a>\n\t\t\t<\/dt>\n\t\t\t\t<dd class='wp-caption-text gallery-caption' id='gallery-1-1347'>\n\t\t\t\tFlucht vor dem KlimaWandel\n\t\t\t\t<\/dd><\/dl><dl class='gallery-item'>\n\t\t\t<dt class='gallery-icon landscape'>\n\t\t\t\t<a href='https:\/\/goethe-schule-harburg.hamburg.de\/wp-content\/uploads\/sites\/155\/2016\/09\/2016_09_16_fotoklima_03.jpg' title=\"Hamburg wird aktiv &#039;Stopp - CO2&#039;\" data-rl_title=\"Hamburg wird aktiv &#039;Stopp - CO2&#039;\" class=\"rl-gallery-link\" data-rl_caption=\"\" data-rel=\"lightbox-gallery-1\"><img loading=\"lazy\" decoding=\"async\" width=\"150\" height=\"150\" src=\"https:\/\/goethe-schule-harburg.hamburg.de\/wp-content\/uploads\/sites\/155\/2016\/09\/2016_09_16_fotoklima_03-150x150.jpg\" class=\"attachment-thumbnail size-thumbnail\" alt=\"\" aria-describedby=\"gallery-1-1348\" srcset=\"https:\/\/goethe-schule-harburg.hamburg.de\/wp-content\/uploads\/sites\/155\/2016\/09\/2016_09_16_fotoklima_03-150x150.jpg 150w, https:\/\/goethe-schule-harburg.hamburg.de\/wp-content\/uploads\/sites\/155\/2016\/09\/2016_09_16_fotoklima_03-160x160.jpg 160w, https:\/\/goethe-schule-harburg.hamburg.de\/wp-content\/uploads\/sites\/155\/2016\/09\/2016_09_16_fotoklima_03-320x320.jpg 320w\" sizes=\"auto, (max-width: 150px) 100vw, 150px\" \/><\/a>\n\t\t\t<\/dt>\n\t\t\t\t<dd class='wp-caption-text gallery-caption' id='gallery-1-1348'>\n\t\t\t\tHamburg wird aktiv &#8218;Stopp &#8211; CO2&#8216;\n\t\t\t\t<\/dd><\/dl><dl class='gallery-item'>\n\t\t\t<dt class='gallery-icon landscape'>\n\t\t\t\t<a href='https:\/\/goethe-schule-harburg.hamburg.de\/wp-content\/uploads\/sites\/155\/2016\/09\/2016_09_16_fotoklima_04.jpg' title=\"Klimaneutrale Fortbewegung mit dem HVV\" data-rl_title=\"Klimaneutrale Fortbewegung mit dem HVV\" class=\"rl-gallery-link\" data-rl_caption=\"\" data-rel=\"lightbox-gallery-1\"><img loading=\"lazy\" decoding=\"async\" width=\"150\" height=\"150\" src=\"https:\/\/goethe-schule-harburg.hamburg.de\/wp-content\/uploads\/sites\/155\/2016\/09\/2016_09_16_fotoklima_04-150x150.jpg\" class=\"attachment-thumbnail size-thumbnail\" alt=\"\" aria-describedby=\"gallery-1-1349\" srcset=\"https:\/\/goethe-schule-harburg.hamburg.de\/wp-content\/uploads\/sites\/155\/2016\/09\/2016_09_16_fotoklima_04-150x150.jpg 150w, https:\/\/goethe-schule-harburg.hamburg.de\/wp-content\/uploads\/sites\/155\/2016\/09\/2016_09_16_fotoklima_04-160x160.jpg 160w, https:\/\/goethe-schule-harburg.hamburg.de\/wp-content\/uploads\/sites\/155\/2016\/09\/2016_09_16_fotoklima_04-320x320.jpg 320w\" sizes=\"auto, (max-width: 150px) 100vw, 150px\" \/><\/a>\n\t\t\t<\/dt>\n\t\t\t\t<dd class='wp-caption-text gallery-caption' id='gallery-1-1349'>\n\t\t\t\tKlimaneutrale Fortbewegung mit dem HVV\n\t\t\t\t<\/dd><\/dl><dl class='gallery-item'>\n\t\t\t<dt class='gallery-icon landscape'>\n\t\t\t\t<a href='https:\/\/goethe-schule-harburg.hamburg.de\/wp-content\/uploads\/sites\/155\/2016\/09\/2016_09_16_fotoklima_05.jpg' title=\"Mit Pfiff und Witz aktiv f\u00fcr eine gemeinsame klimaschonende Lebensweise\" data-rl_title=\"Mit Pfiff und Witz aktiv f\u00fcr eine gemeinsame klimaschonende Lebensweise\" class=\"rl-gallery-link\" data-rl_caption=\"\" data-rel=\"lightbox-gallery-1\"><img loading=\"lazy\" decoding=\"async\" width=\"150\" height=\"150\" src=\"https:\/\/goethe-schule-harburg.hamburg.de\/wp-content\/uploads\/sites\/155\/2016\/09\/2016_09_16_fotoklima_05-150x150.jpg\" class=\"attachment-thumbnail size-thumbnail\" alt=\"\" aria-describedby=\"gallery-1-1350\" srcset=\"https:\/\/goethe-schule-harburg.hamburg.de\/wp-content\/uploads\/sites\/155\/2016\/09\/2016_09_16_fotoklima_05-150x150.jpg 150w, https:\/\/goethe-schule-harburg.hamburg.de\/wp-content\/uploads\/sites\/155\/2016\/09\/2016_09_16_fotoklima_05-160x160.jpg 160w, https:\/\/goethe-schule-harburg.hamburg.de\/wp-content\/uploads\/sites\/155\/2016\/09\/2016_09_16_fotoklima_05-320x320.jpg 320w\" sizes=\"auto, (max-width: 150px) 100vw, 150px\" \/><\/a>\n\t\t\t<\/dt>\n\t\t\t\t<dd class='wp-caption-text gallery-caption' id='gallery-1-1350'>\n\t\t\t\tMit Pfiff und Witz aktiv f\u00fcr eine gemeinsame klimaschonende Lebensweise\n\t\t\t\t<\/dd><\/dl><br style=\"clear: both\" \/>\n\t\t<\/div>\n\n<p>Die 7mo m\u00f6chte mit ihren Bildern zwei verschiedene M\u00f6glichkeiten der Zukunft darstellen. Dazu die Sch\u00fclerinnen und Sch\u00fcler selbst: &#8222;Die ersten Bilder zeigen, was in Zukunft passieren wird, z. T. auch schon passiert, wenn wir jetzt nichts machen. Demonstrieren alleine reicht nicht. Wir brauchen mehr klimaneutrale Busse und \u00f6ffentliche Verkehrsmittel oder mehr Fahrradwege f\u00fcr unsere Fahrr\u00e4der.<br \/>\nWir werben f\u00fcr umweltfreundliche, klimaneutrale Kleidung, ein ge\u00e4ndertes Einkaufsverhalten, und dass wir die M\u00fclltrennung ernst nehmen. Wir wollen mehr Umweltschutz betreiben und zu mehr Mehrwegnutzung, Recycling und M\u00fclltrennung aufrufen. Auch wollen wir zeigen, dass Recycling-Design sch\u00f6n sein kann!<br \/>\nWir haben alle unsere Kulissen selbst angefertigt oder vorbereitet. Daf\u00fcr haben wir auch noch nach der Schule Farbe besorgt, Recycling-Materialien gesammelt oder etwas aufgeschrieben und besprochen. Dabei haben wir darauf geachtet, dass alle Dinge, die wir herstellen, umweltfreundlich und wiederverwendbar sind.&#8220;<\/p>\n<p>&nbsp;<\/p>\n<p><strong>Serie: &#8218;Vom KlimaS\u00fcnder zum KlimaSch\u00fctzer&#8216;<\/strong><\/p>\n\n\t\t<style type=\"text\/css\">\n\t\t\t#gallery-2 {\n\t\t\t\tmargin: auto;\n\t\t\t}\n\t\t\t#gallery-2 .gallery-item {\n\t\t\t\tfloat: left;\n\t\t\t\tmargin-top: 10px;\n\t\t\t\ttext-align: center;\n\t\t\t\twidth: 25%;\n\t\t\t}\n\t\t\t#gallery-2 img {\n\t\t\t\tborder: 2px solid #cfcfcf;\n\t\t\t}\n\t\t\t#gallery-2 .gallery-caption {\n\t\t\t\tmargin-left: 0;\n\t\t\t}\n\t\t\t\/* see gallery_shortcode() in wp-includes\/media.php *\/\n\t\t<\/style>\n\t\t<div id='gallery-2' class='gallery galleryid-1344 gallery-columns-4 gallery-size-thumbnail'><dl class='gallery-item'>\n\t\t\t<dt class='gallery-icon landscape'>\n\t\t\t\t<a href='https:\/\/goethe-schule-harburg.hamburg.de\/wp-content\/uploads\/sites\/155\/2016\/09\/2016_09_16_fotoklima_06.jpg' title=\"Wohnen wie ein KlimaS\u00fcnder\" data-rl_title=\"Wohnen wie ein KlimaS\u00fcnder\" class=\"rl-gallery-link\" data-rl_caption=\"\" data-rel=\"lightbox-gallery-2\"><img loading=\"lazy\" decoding=\"async\" width=\"150\" height=\"150\" src=\"https:\/\/goethe-schule-harburg.hamburg.de\/wp-content\/uploads\/sites\/155\/2016\/09\/2016_09_16_fotoklima_06-150x150.jpg\" class=\"attachment-thumbnail size-thumbnail\" alt=\"\" aria-describedby=\"gallery-2-1351\" srcset=\"https:\/\/goethe-schule-harburg.hamburg.de\/wp-content\/uploads\/sites\/155\/2016\/09\/2016_09_16_fotoklima_06-150x150.jpg 150w, https:\/\/goethe-schule-harburg.hamburg.de\/wp-content\/uploads\/sites\/155\/2016\/09\/2016_09_16_fotoklima_06-160x160.jpg 160w, https:\/\/goethe-schule-harburg.hamburg.de\/wp-content\/uploads\/sites\/155\/2016\/09\/2016_09_16_fotoklima_06-320x320.jpg 320w\" sizes=\"auto, (max-width: 150px) 100vw, 150px\" \/><\/a>\n\t\t\t<\/dt>\n\t\t\t\t<dd class='wp-caption-text gallery-caption' id='gallery-2-1351'>\n\t\t\t\tWohnen wie ein KlimaS\u00fcnder\n\t\t\t\t<\/dd><\/dl><dl class='gallery-item'>\n\t\t\t<dt class='gallery-icon landscape'>\n\t\t\t\t<a href='https:\/\/goethe-schule-harburg.hamburg.de\/wp-content\/uploads\/sites\/155\/2016\/09\/2016_09_16_fotoklima_07.jpg' title=\"Wohnen wie ein Klimasch\u00fctzer\" data-rl_title=\"Wohnen wie ein Klimasch\u00fctzer\" class=\"rl-gallery-link\" data-rl_caption=\"\" data-rel=\"lightbox-gallery-2\"><img loading=\"lazy\" decoding=\"async\" width=\"150\" height=\"150\" src=\"https:\/\/goethe-schule-harburg.hamburg.de\/wp-content\/uploads\/sites\/155\/2016\/09\/2016_09_16_fotoklima_07-150x150.jpg\" class=\"attachment-thumbnail size-thumbnail\" alt=\"\" aria-describedby=\"gallery-2-1352\" srcset=\"https:\/\/goethe-schule-harburg.hamburg.de\/wp-content\/uploads\/sites\/155\/2016\/09\/2016_09_16_fotoklima_07-150x150.jpg 150w, https:\/\/goethe-schule-harburg.hamburg.de\/wp-content\/uploads\/sites\/155\/2016\/09\/2016_09_16_fotoklima_07-160x160.jpg 160w, https:\/\/goethe-schule-harburg.hamburg.de\/wp-content\/uploads\/sites\/155\/2016\/09\/2016_09_16_fotoklima_07-320x320.jpg 320w\" sizes=\"auto, (max-width: 150px) 100vw, 150px\" \/><\/a>\n\t\t\t<\/dt>\n\t\t\t\t<dd class='wp-caption-text gallery-caption' id='gallery-2-1352'>\n\t\t\t\tWohnen wie ein Klimasch\u00fctzer\n\t\t\t\t<\/dd><\/dl>\n\t\t\t<br style='clear: both' \/>\n\t\t<\/div>\n\n<p>&#8222;Wir wollen vermitteln, dass es besser ist, weniger Energie zu verbrauchen und M\u00fcll zu produzieren. Wir wollen zeigen, dass es auch anders geht, ob mit Solarmobil zur Arbeit oder Solarlampen und Kompostierung. Wichtig ist es f\u00fcr uns, dass der M\u00fcll vern\u00fcnftig getrennt wird.&#8220;<\/p>\n<p>&nbsp;<\/p>\n<p><strong>Serie: &#8218;Die Stille Revolution &#8211; UmweltSchule und KlimaSchutz&#8216;<\/strong><\/p>\n\n\t\t<style type=\"text\/css\">\n\t\t\t#gallery-3 {\n\t\t\t\tmargin: auto;\n\t\t\t}\n\t\t\t#gallery-3 .gallery-item {\n\t\t\t\tfloat: left;\n\t\t\t\tmargin-top: 10px;\n\t\t\t\ttext-align: center;\n\t\t\t\twidth: 25%;\n\t\t\t}\n\t\t\t#gallery-3 img {\n\t\t\t\tborder: 2px solid #cfcfcf;\n\t\t\t}\n\t\t\t#gallery-3 .gallery-caption {\n\t\t\t\tmargin-left: 0;\n\t\t\t}\n\t\t\t\/* see gallery_shortcode() in wp-includes\/media.php *\/\n\t\t<\/style>\n\t\t<div id='gallery-3' class='gallery galleryid-1344 gallery-columns-4 gallery-size-thumbnail'><dl class='gallery-item'>\n\t\t\t<dt class='gallery-icon landscape'>\n\t\t\t\t<a href='https:\/\/goethe-schule-harburg.hamburg.de\/wp-content\/uploads\/sites\/155\/2016\/09\/2016_09_16_fotoklima_08.jpg' title=\"Es ist 5 vor 12\" data-rl_title=\"Es ist 5 vor 12\" class=\"rl-gallery-link\" data-rl_caption=\"\" data-rel=\"lightbox-gallery-3\"><img loading=\"lazy\" decoding=\"async\" width=\"150\" height=\"150\" src=\"https:\/\/goethe-schule-harburg.hamburg.de\/wp-content\/uploads\/sites\/155\/2016\/09\/2016_09_16_fotoklima_08-150x150.jpg\" class=\"attachment-thumbnail size-thumbnail\" alt=\"\" aria-describedby=\"gallery-3-1353\" srcset=\"https:\/\/goethe-schule-harburg.hamburg.de\/wp-content\/uploads\/sites\/155\/2016\/09\/2016_09_16_fotoklima_08-150x150.jpg 150w, https:\/\/goethe-schule-harburg.hamburg.de\/wp-content\/uploads\/sites\/155\/2016\/09\/2016_09_16_fotoklima_08-160x160.jpg 160w, https:\/\/goethe-schule-harburg.hamburg.de\/wp-content\/uploads\/sites\/155\/2016\/09\/2016_09_16_fotoklima_08-320x320.jpg 320w\" sizes=\"auto, (max-width: 150px) 100vw, 150px\" \/><\/a>\n\t\t\t<\/dt>\n\t\t\t\t<dd class='wp-caption-text gallery-caption' id='gallery-3-1353'>\n\t\t\t\tEs ist 5 vor 12\n\t\t\t\t<\/dd><\/dl><dl class='gallery-item'>\n\t\t\t<dt class='gallery-icon landscape'>\n\t\t\t\t<a href='https:\/\/goethe-schule-harburg.hamburg.de\/wp-content\/uploads\/sites\/155\/2016\/09\/2016_09_16_fotoklima_09.jpg' title=\"Umweltschonende Fortbewegung und Abgasarme Engergiegewinnung\" data-rl_title=\"Umweltschonende Fortbewegung und Abgasarme Engergiegewinnung\" class=\"rl-gallery-link\" data-rl_caption=\"\" data-rel=\"lightbox-gallery-3\"><img loading=\"lazy\" decoding=\"async\" width=\"150\" height=\"150\" src=\"https:\/\/goethe-schule-harburg.hamburg.de\/wp-content\/uploads\/sites\/155\/2016\/09\/2016_09_16_fotoklima_09-150x150.jpg\" class=\"attachment-thumbnail size-thumbnail\" alt=\"\" aria-describedby=\"gallery-3-1354\" srcset=\"https:\/\/goethe-schule-harburg.hamburg.de\/wp-content\/uploads\/sites\/155\/2016\/09\/2016_09_16_fotoklima_09-150x150.jpg 150w, https:\/\/goethe-schule-harburg.hamburg.de\/wp-content\/uploads\/sites\/155\/2016\/09\/2016_09_16_fotoklima_09-160x160.jpg 160w, https:\/\/goethe-schule-harburg.hamburg.de\/wp-content\/uploads\/sites\/155\/2016\/09\/2016_09_16_fotoklima_09-320x320.jpg 320w\" sizes=\"auto, (max-width: 150px) 100vw, 150px\" \/><\/a>\n\t\t\t<\/dt>\n\t\t\t\t<dd class='wp-caption-text gallery-caption' id='gallery-3-1354'>\n\t\t\t\tUmweltschonende Fortbewegung und Abgasarme Engergiegewinnung\n\t\t\t\t<\/dd><\/dl><dl class='gallery-item'>\n\t\t\t<dt class='gallery-icon landscape'>\n\t\t\t\t<a href='https:\/\/goethe-schule-harburg.hamburg.de\/wp-content\/uploads\/sites\/155\/2016\/09\/2016_09_16_fotoklima_10.jpg' title=\"Wir \u00e4ndern das L\u00fcftungsverhalten mit CO2-Messungen\" data-rl_title=\"Wir \u00e4ndern das L\u00fcftungsverhalten mit CO2-Messungen\" class=\"rl-gallery-link\" data-rl_caption=\"\" data-rel=\"lightbox-gallery-3\"><img loading=\"lazy\" decoding=\"async\" width=\"150\" height=\"150\" src=\"https:\/\/goethe-schule-harburg.hamburg.de\/wp-content\/uploads\/sites\/155\/2016\/09\/2016_09_16_fotoklima_10-150x150.jpg\" class=\"attachment-thumbnail size-thumbnail\" alt=\"\" aria-describedby=\"gallery-3-1355\" srcset=\"https:\/\/goethe-schule-harburg.hamburg.de\/wp-content\/uploads\/sites\/155\/2016\/09\/2016_09_16_fotoklima_10-150x150.jpg 150w, https:\/\/goethe-schule-harburg.hamburg.de\/wp-content\/uploads\/sites\/155\/2016\/09\/2016_09_16_fotoklima_10-160x160.jpg 160w, https:\/\/goethe-schule-harburg.hamburg.de\/wp-content\/uploads\/sites\/155\/2016\/09\/2016_09_16_fotoklima_10-320x320.jpg 320w\" sizes=\"auto, (max-width: 150px) 100vw, 150px\" \/><\/a>\n\t\t\t<\/dt>\n\t\t\t\t<dd class='wp-caption-text gallery-caption' id='gallery-3-1355'>\n\t\t\t\tWir \u00e4ndern das L\u00fcftungsverhalten mit CO2-Messungen\n\t\t\t\t<\/dd><\/dl>\n\t\t\t<br style='clear: both' \/>\n\t\t<\/div>\n\n<p>Eine Gruppe, die nicht gewonnen hat, verdient trotzdem eine besondere Erw\u00e4hnung, da sie sich mit dem Thema &#8218;GSH ist Umweltschule \u2013 Unser Klimabeitrag&#8216; intensiv auseinandergesetzt hat. Die &#8218;Klimawerke&#8216; wurden erschaffen von Jasmin Ansari, Julie Klindtworth, Jana Lang und Debora Meyer.<\/p>\n<p>&nbsp;<\/p>\n","protected":false},"excerpt":{"rendered":"<p>Beim Bildungs- und Fotowettbewerb des Landesinstitutes &#8218;FotoKlima 2015\/16&#8216; hat die 7mo (Save The Moment von Frau Spiering) gleich mit zwei Wettbewerbsteams eine Multivisionsshow f\u00fcr 700 Sch\u00fclerinnen und Sch\u00fcler im Wert von 2000 Euro gewonnen. Am 14.07.2016 fand die Preisverleihung durch Herrn Kerstan, den Senator f\u00fcr Umwelt und Energie, im Landesinstitut der Hansestadt Hamburg statt. Das&hellip; <br \/> <a class=\"read-more\" href=\"https:\/\/goethe-schule-harburg.hamburg.de\/?p=1344\">Weiterlesen<\/a><\/p>\n","protected":false},"author":275,"featured_media":0,"comment_status":"closed","ping_status":"closed","sticky":false,"template":"","format":"standard","meta":{"_acf_changed":false,"footnotes":""},"categories":[1],"tags":[],"class_list":["post-1344","post","type-post","status-publish","format-standard","hentry","category-aktuelles"],"acf":[],"_links":{"self":[{"href":"https:\/\/goethe-schule-harburg.hamburg.de\/index.php?rest_route=\/wp\/v2\/posts\/1344","targetHints":{"allow":["GET"]}}],"collection":[{"href":"https:\/\/goethe-schule-harburg.hamburg.de\/index.php?rest_route=\/wp\/v2\/posts"}],"about":[{"href":"https:\/\/goethe-schule-harburg.hamburg.de\/index.php?rest_route=\/wp\/v2\/types\/post"}],"author":[{"embeddable":true,"href":"https:\/\/goethe-schule-harburg.hamburg.de\/index.php?rest_route=\/wp\/v2\/users\/275"}],"replies":[{"embeddable":true,"href":"https:\/\/goethe-schule-harburg.hamburg.de\/index.php?rest_route=%2Fwp%2Fv2%2Fcomments&post=1344"}],"version-history":[{"count":1,"href":"https:\/\/goethe-schule-harburg.hamburg.de\/index.php?rest_route=\/wp\/v2\/posts\/1344\/revisions"}],"predecessor-version":[{"id":1345,"href":"https:\/\/goethe-schule-harburg.hamburg.de\/index.php?rest_route=\/wp\/v2\/posts\/1344\/revisions\/1345"}],"wp:attachment":[{"href":"https:\/\/goethe-schule-harburg.hamburg.de\/index.php?rest_route=%2Fwp%2Fv2%2Fmedia&parent=1344"}],"wp:term":[{"taxonomy":"category","embeddable":true,"href":"https:\/\/goethe-schule-harburg.hamburg.de\/index.php?rest_route=%2Fwp%2Fv2%2Fcategories&post=1344"},{"taxonomy":"post_tag","embeddable":true,"href":"https:\/\/goethe-schule-harburg.hamburg.de\/index.php?rest_route=%2Fwp%2Fv2%2Ftags&post=1344"}],"curies":[{"name":"wp","href":"https:\/\/api.w.org\/{rel}","templated":true}]}}