{"id":7379,"date":"2020-08-03T19:34:55","date_gmt":"2020-08-03T17:34:55","guid":{"rendered":"https:\/\/goethe-schule-harburg.hamburg.de\/?p=7379"},"modified":"2021-02-22T19:35:34","modified_gmt":"2021-02-22T18:35:34","slug":"elternbrief-vom-03-08-2020","status":"publish","type":"post","link":"https:\/\/goethe-schule-harburg.hamburg.de\/?p=7379","title":{"rendered":"ELTERNBRIEF VOM 03.08.2020"},"content":{"rendered":"<p>Liebe Sch\u00fclerinnen und liebe Sch\u00fcler, liebe Eltern der GSH,<\/p>\n<p>ich hoffe, Sie hatten eine erholsame sommerliche Zeit. Nun geht es wieder los, und wir freuen uns sehr, dass wir mit dem Schulbetrieb fast normal starten k\u00f6nnen. Bis zuletzt haben wir noch auf aktuelle Informationen der Beh\u00f6rde gewartet, deshalb mein Schreiben erst heute.<\/p>\n<p>Wir w\u00fcnschen uns f\u00fcr unsere Kinder einen gesicherten Schulbetrieb und haben hierf\u00fcr diverse Ma\u00dfnahmen ergriffen:<\/p>\n<p>Die wichtigste Umorganisation, die wir nach beh\u00f6rdlicher Vorgabe nun vorgenommen haben, ist das Einrichten der einzelnen Jahrg\u00e4nge als sogenannte Kohorten, also als Hauptbezugsgruppen, innerhalb derer die Abstandsregeln aufgehoben sind. Hierf\u00fcr m\u00fcssen einige Klassen den Klassenraum wechseln, sodass in unseren verschiedenen Schulh\u00e4usern die unterschiedlichen Jahrg\u00e4nge zusammengefasst sind. So muss dann in den H\u00e4usern kein Abstand eingehalten werden, das ist f\u00fcr alle einfacher.<\/p>\n<p>Jahrgangs\u00fcbergreifende unterrichtliche Angebote ohne Abstandsvorgabe gibt es nicht. Eine Ausnahme bildet hier die Oberstufe. F\u00fcr die Pausen gibt es drau\u00dfen jahrgangsweise abgegrenzte Zonen. Die Toiletten werden ebenfalls Jahrg\u00e4ngen zugeordnet.<\/p>\n<p>Seit heute ist nun die Maskenpflicht generell f\u00fcr alle Situationen au\u00dferhalb der Unterrichtsr\u00e4ume in der Schule f\u00fcr alle verpflichtend. Das ist f\u00fcr den Schulbetrieb absolut sinnvoll und gew\u00e4hrleistet mehr Sicherheit. Viele Sch\u00fclerinnen und Sch\u00fcler haben von uns bereits vor den Sommerferien kostenlos eine Maske bekommen, die entweder von der Schulbeh\u00f6rde geliefert wurde oder aus Spenden kam. Bitte versorgen Sie Ihr Kind sonst nun selbst mit einer Maske, falls noch nicht vorhanden, wir werden die Eing\u00e4nge morgens beaufsichtigen, sodass kein Kind ohne Maske die Schule betreten kann. Dies dient der Sicherheit aller Kinder und Besch\u00e4ftigten.<\/p>\n<p>Sollten Sie sich in den Ferien laut Robert-Koch-Institut in einem Risikogebiet (<a target=\"_blank\" href=\"https:\/\/www.rki.de\/DE\/Content\/InfAZ\/N\/Neuartiges_Coronavirus\/Risikogebiete_neu.html\" rel=\"noopener noreferrer\">https:\/\/www.rki.de\/DE\/Content\/InfAZ\/N\/Neuartiges_Coronavirus\/Risikogebiete_neu.html<\/a>) aufgehalten haben, wie derzeit zum Beispiel der T\u00fcrkei, der USA oder der Ukraine, dann m\u00fcssen Sie bitte Ihr Kind noch 14 Tage zu Hause behalten \u2013 es darf die Schule nicht besuchen. Sollten Sie einen Test durchgef\u00fchrt haben, m\u00fcssen Sie im Schulb\u00fcro das negative Testergebnis Ihres Kindes schriftlich vorlegen, sonst darf es die Schule nicht besuchen.<\/p>\n<p>Des Weiteren gilt f\u00fcr alle Kinder, dass sie bitte zu Hause bleiben, wenn sie f\u00fcr die CoVid- Erkrankung typische Symptome zeigen, wir m\u00f6chten Infektionsketten unbedingt vermeiden.<\/p>\n<p>Sch\u00fclerinnen und Sch\u00fclern, die unter einer oder mehreren Vorerkrankungen leiden, die im Kontext mit einer Corona-Infektion als besonderes Risiko eingesch\u00e4tzt werden, k\u00f6nnen auch im Schuljahr 2020\/21 zun\u00e4chst im Distanzunterricht beschult werden. Dieses gilt auch f\u00fcr Sch\u00fclerinnen und Sch\u00fcler, die in h\u00e4uslicher Gemeinschaft mit Personen leben, die im Fall einer Corona-Infektion besonders gef\u00e4hrdet w\u00e4ren.<\/p>\n<p>Das Vorliegen der Vorerkrankung bzw. besonderen Gef\u00e4hrdung ist mit einer \u00e4rztlichen Bescheinigung bzw. bei gef\u00e4hrdeten Angeh\u00f6rigen durch Vorlage eines Schwerbehinderten- oder Transplantationsausweises nachzuweisen.<\/p>\n<p>Das Schulb\u00fcro ist ge\u00f6ffnet und f\u00fcr Eltern sind auch wieder notwendige pers\u00f6nliche Gespr\u00e4che mit den P\u00e4dagoginnen und P\u00e4dagogen in der Schule m\u00f6glich. Dies ist allerdings nur mit Voranmeldung telefonisch oder per Mail umsetzbar. Wenn Sie einen Termin ausgemacht haben, melden Sie sich bitte zun\u00e4chst im Schulb\u00fcro als Besucher an, da wir erfassen m\u00fcssen, wer die Schule betritt und Kontakte notiert werden.<\/p>\n<p>Bis zu den Herbstferien wird es keine au\u00dferunterrichtlichen \u201eAktionen\u201c im Schulalltag geben. Es ist, soweit m\u00f6glich, Unterricht nach Plan vorgesehen, damit die Kinder nun wieder fachbezogenen Pr\u00e4senzunterricht erhalten. Die geplante Projektwoche f\u00e4llt so leider aus. Kinder, die Praktikumspl\u00e4tze bekommen, dies ist derzeit sehr schwierig, k\u00f6nnen ihr Praktikum absolvieren.<br \/>\nUnser Ganztagsprogramm findet statt, die Betreuung ebenfalls, wir erarbeiten derzeit L\u00f6sungen, die die Vorgaben einhalten. Sie werden informiert.<\/p>\n<p>Auch mit dem Mittagessensanbieter f\u00fcr unseren Hauptstandort sind wir im Gespr\u00e4ch, das Mittagessen findet statt und wird in jahrgangsschichten und unterschiedlichen Bereichen stattfinden. Die Cafeteria im Oberstufenhaus kann derzeit leider nicht \u00f6ffnen.<\/p>\n<p>Da die Situation in Bewegung ist und wir Sie gerne schnell erreichen m\u00f6chten, behalten Sie bitte den IServ-Account Ihres Kindes im Blick, das ist f\u00fcr uns die einzige M\u00f6glichkeit alle Eltern gut und schnell zeitgleich zu erreichen und schauen Sie regelm\u00e4\u00dfig auf unsere Homepage, auch da ver\u00f6ffentlichen wir Informationen, allerdings keine, die R\u00fcckschl\u00fcsse auf einzelne Kinder zulassen.<\/p>\n<p>Einige Veranstaltungen k\u00f6nnen wir aufgrund der Hygienebedingungen nicht durchf\u00fchren. Der \u201eD\u00e4mmerschoppen\u201c muss so in diesem Jahr leider ausfallen!<\/p>\n<p>Die Einschulungsfeier wird in Schichten in unserer gro\u00dfen Sporthalle stattfinden. Die Eltern der F\u00fcnftkl\u00e4ssler werden gezielt informiert, wann ihr Kind eingeschult wird.<\/p>\n<p>Die Elternabende und Lernentwicklungsgespr\u00e4che werden in der Schule stattfinden. Es werden f\u00fcr die Elternabende Vorababfragen erfolgen, bei gro\u00dfer Teilnehmerzahl werden Klassenelternabende in zwei Bl\u00f6cken stattfinden.<\/p>\n<p>Auch f\u00fcr unsere Elternvollversammlung werden wir eine L\u00f6sung finden, vermutlich wird sie in der gro\u00dfen Sporthalle stattfinden, wir informieren Sie noch entsprechend.<\/p>\n<p>Dies zun\u00e4chst die Informationen zum Start, sicherlich werden weitere folgen.<\/p>\n<p>Ich w\u00fcnsche uns allen einen sch\u00f6nen Schulbeginn und ein gutes Gelingen in dieser Zeit.<\/p>\n<p>Herzliche Gr\u00fc\u00dfe<\/p>\n<p>Ihre Vicky-Marina Schmidt<\/p>\n<p>(Schulleiterin)<\/p>\n","protected":false},"excerpt":{"rendered":"<p>Liebe Sch\u00fclerinnen und liebe Sch\u00fcler, liebe Eltern der GSH, ich hoffe, Sie hatten eine erholsame sommerliche Zeit. Nun geht es wieder los, und wir freuen uns sehr, dass wir mit dem Schulbetrieb fast normal starten k\u00f6nnen. Bis zuletzt haben wir noch auf aktuelle Informationen der Beh\u00f6rde gewartet, deshalb mein Schreiben erst heute. Wir w\u00fcnschen uns&hellip; <br \/> <a class=\"read-more\" href=\"https:\/\/goethe-schule-harburg.hamburg.de\/?p=7379\">Weiterlesen<\/a><\/p>\n","protected":false},"author":889,"featured_media":0,"comment_status":"closed","ping_status":"closed","sticky":false,"template":"","format":"standard","meta":{"_acf_changed":false,"footnotes":""},"categories":[64],"tags":[],"class_list":["post-7379","post","type-post","status-publish","format-standard","hentry","category-aktuelles-zur-situation"],"acf":[],"_links":{"self":[{"href":"https:\/\/goethe-schule-harburg.hamburg.de\/index.php?rest_route=\/wp\/v2\/posts\/7379","targetHints":{"allow":["GET"]}}],"collection":[{"href":"https:\/\/goethe-schule-harburg.hamburg.de\/index.php?rest_route=\/wp\/v2\/posts"}],"about":[{"href":"https:\/\/goethe-schule-harburg.hamburg.de\/index.php?rest_route=\/wp\/v2\/types\/post"}],"author":[{"embeddable":true,"href":"https:\/\/goethe-schule-harburg.hamburg.de\/index.php?rest_route=\/wp\/v2\/users\/889"}],"replies":[{"embeddable":true,"href":"https:\/\/goethe-schule-harburg.hamburg.de\/index.php?rest_route=%2Fwp%2Fv2%2Fcomments&post=7379"}],"version-history":[{"count":1,"href":"https:\/\/goethe-schule-harburg.hamburg.de\/index.php?rest_route=\/wp\/v2\/posts\/7379\/revisions"}],"predecessor-version":[{"id":7380,"href":"https:\/\/goethe-schule-harburg.hamburg.de\/index.php?rest_route=\/wp\/v2\/posts\/7379\/revisions\/7380"}],"wp:attachment":[{"href":"https:\/\/goethe-schule-harburg.hamburg.de\/index.php?rest_route=%2Fwp%2Fv2%2Fmedia&parent=7379"}],"wp:term":[{"taxonomy":"category","embeddable":true,"href":"https:\/\/goethe-schule-harburg.hamburg.de\/index.php?rest_route=%2Fwp%2Fv2%2Fcategories&post=7379"},{"taxonomy":"post_tag","embeddable":true,"href":"https:\/\/goethe-schule-harburg.hamburg.de\/index.php?rest_route=%2Fwp%2Fv2%2Ftags&post=7379"}],"curies":[{"name":"wp","href":"https:\/\/api.w.org\/{rel}","templated":true}]}}